{"id":3300,"date":"2026-04-27T18:00:00","date_gmt":"2026-04-27T14:00:00","guid":{"rendered":"https:\/\/pharmaciereunion.fr\/?p=3300"},"modified":"2026-04-26T12:02:13","modified_gmt":"2026-04-26T08:02:13","slug":"pharmacie-garde-lundi","status":"publish","type":"post","link":"https:\/\/pharmaciereunion.fr\/index.php\/2026\/04\/27\/pharmacie-garde-lundi\/","title":{"rendered":"Garde du Lundi 27 avril 2026"},"content":{"rendered":"\n<h2 class=\"wp-block-heading has-text-align-center\">Quelle pharmacie de garde aujourd&rsquo;hui ?<\/h2>\n\n\n\n<p>Horaire : de 19H \u00e0 23h59<\/p>\n\n\n\n<h3 class=\"wp-block-heading\"><img decoding=\"async\" height=\"16\" width=\"16\" alt=\"\ud83c\udfe5\" src=\"https:\/\/static.xx.fbcdn.net\/images\/emoji.php\/v9\/t7b\/1\/16\/1f3e5.png\">Zone EST :<\/h3>\n\n\n\n<p><strong>PHARMACIE DU MARCHE<\/strong><br>4 RUE GEORGES POMPIDOU<br>97470 SAINT BENOIT<br>TEL : 02.62.50.10.03<\/p>\n\n\n\n<h3 class=\"wp-block-heading\"><img decoding=\"async\" height=\"16\" width=\"16\" alt=\"\ud83c\udfe5\" src=\"https:\/\/static.xx.fbcdn.net\/images\/emoji.php\/v9\/t7b\/1\/16\/1f3e5.png\">Zone NORD :<\/h3>\n\n\n\n<p><strong>PHARMACIE DU JARDIN DE L&rsquo;ETAT<\/strong><br>42 RUE DE PARIS<br>97400 SAINT DENIS<br>TEL : 02.62.21.28.55<\/p>\n\n\n\n<p><\/p>\n\n\n\n<h3 class=\"wp-block-heading\"><img decoding=\"async\" height=\"16\" width=\"16\" alt=\"\ud83c\udfe5\" src=\"https:\/\/static.xx.fbcdn.net\/images\/emoji.php\/v9\/t7b\/1\/16\/1f3e5.png\">Zone SUD :<\/h3>\n\n\n\n<p><strong>PHARMACIE CASERNES<\/strong><br>109 BIS RUE ARCHAMBAUD<br>97410 SAINT PIERRE<br>TEL : 02.62.25.03.04<\/p>\n\n\n\n<p><\/p>\n\n\n\n<h3 class=\"wp-block-heading\"><img decoding=\"async\" height=\"16\" width=\"16\" src=\"https:\/\/static.xx.fbcdn.net\/images\/emoji.php\/v9\/t7b\/1\/16\/1f3e5.png\" alt=\"\ud83c\udfe5\">Zone Ouest :<\/h3>\n\n\n\n<p><strong>PHARMACIE GARE ST-PAUL<\/strong><br>155 CHAUSSEE ROYALE<br>97460 SAINT PAUL<br>TEL : 02.62.22.56.78<\/p>\n\n\n\n<p><\/p>\n","protected":false},"excerpt":{"rendered":"<p>Quelle pharmacie de garde aujourd&rsquo;hui ? Horaire : de 19H \u00e0 23h59 Zone EST : PHARMACIE DU MARCHE4 RUE GEORGES POMPIDOU97470 SAINT BENOITTEL : 02.62.50.10.03 Zone NORD : PHARMACIE DU JARDIN DE L&rsquo;ETAT42 RUE DE PARIS97400 SAINT DENISTEL : 02.62.21.28.55 Zone SUD : PHARMACIE CASERNES109 BIS RUE ARCHAMBAUD97410 SAINT PIERRETEL : 02.62.25.03.04 Zone Ouest : [&hellip;]<\/p>\n","protected":false},"author":1,"featured_media":0,"comment_status":"open","ping_status":"open","sticky":false,"template":"","format":"standard","meta":{"footnotes":""},"categories":[102],"tags":[],"class_list":["post-3300","post","type-post","status-publish","format-standard","hentry","category-garde"],"yoast_head":"<!-- This site is optimized with the Yoast SEO plugin v27.5 - https:\/\/yoast.com\/product\/yoast-seo-wordpress\/ -->\n<title>Garde du Lundi 27 avril 2026<\/title>\n<meta name=\"description\" content=\"Trouvez la pharmacie de garde \u00e0 La Reunion (974) au plus pr\u00e8s de chez vous\" \/>\n<meta name=\"robots\" content=\"index, follow, max-snippet:-1, max-image-preview:large, max-video-preview:-1\" \/>\n<link rel=\"canonical\" href=\"https:\/\/pharmaciereunion.fr\/index.php\/2026\/04\/27\/pharmacie-garde-lundi\/\" \/>\n<meta property=\"og:locale\" content=\"fr_FR\" \/>\n<meta property=\"og:type\" content=\"article\" \/>\n<meta property=\"og:title\" content=\"Garde du Lundi 27 avril 2026\" \/>\n<meta property=\"og:description\" content=\"Trouvez la pharmacie de garde \u00e0 La Reunion (974) au plus pr\u00e8s de chez vous\" \/>\n<meta property=\"og:url\" content=\"https:\/\/pharmaciereunion.fr\/index.php\/2026\/04\/27\/pharmacie-garde-lundi\/\" \/>\n<meta property=\"og:site_name\" content=\"Pharmacie de L&#039;Est\" \/>\n<meta property=\"article:publisher\" content=\"https:\/\/www.facebook.com\/pharmaciedelest974\" \/>\n<meta property=\"article:published_time\" content=\"2026-04-27T14:00:00+00:00\" \/>\n<meta property=\"og:image\" content=\"https:\/\/static.xx.fbcdn.net\/images\/emoji.php\/v9\/t7b\/1\/16\/1f3e5.png\" \/>\n<meta name=\"author\" content=\"Pharmacie de L&#039;Est\" \/>\n<meta name=\"twitter:card\" content=\"summary_large_image\" \/>\n<meta name=\"twitter:label1\" content=\"\u00c9crit par\" \/>\n\t<meta name=\"twitter:data1\" content=\"Pharmacie de L&#039;Est\" \/>\n\t<meta name=\"twitter:label2\" content=\"Dur\u00e9e de lecture estim\u00e9e\" \/>\n\t<meta name=\"twitter:data2\" content=\"2 minutes\" \/>\n<script type=\"application\/ld+json\" class=\"yoast-schema-graph\">{\"@context\":\"https:\\\/\\\/schema.org\",\"@graph\":[{\"@type\":\"Article\",\"@id\":\"https:\\\/\\\/pharmaciereunion.fr\\\/index.php\\\/2026\\\/04\\\/27\\\/pharmacie-garde-lundi\\\/#article\",\"isPartOf\":{\"@id\":\"https:\\\/\\\/pharmaciereunion.fr\\\/index.php\\\/2026\\\/04\\\/27\\\/pharmacie-garde-lundi\\\/\"},\"author\":{\"name\":\"Pharmacie de L'Est\",\"@id\":\"https:\\\/\\\/pharmaciereunion.fr\\\/#\\\/schema\\\/person\\\/4a3b27abe2ebd6dfcb0135413c918f71\"},\"headline\":\"Garde du Lundi 27 avril 2026\",\"datePublished\":\"2026-04-27T14:00:00+00:00\",\"mainEntityOfPage\":{\"@id\":\"https:\\\/\\\/pharmaciereunion.fr\\\/index.php\\\/2026\\\/04\\\/27\\\/pharmacie-garde-lundi\\\/\"},\"wordCount\":53,\"commentCount\":0,\"publisher\":{\"@id\":\"https:\\\/\\\/pharmaciereunion.fr\\\/#organization\"},\"image\":{\"@id\":\"https:\\\/\\\/pharmaciereunion.fr\\\/index.php\\\/2026\\\/04\\\/27\\\/pharmacie-garde-lundi\\\/#primaryimage\"},\"thumbnailUrl\":\"https:\\\/\\\/static.xx.fbcdn.net\\\/images\\\/emoji.php\\\/v9\\\/t7b\\\/1\\\/16\\\/1f3e5.png\",\"articleSection\":[\"GARDE\"],\"inLanguage\":\"fr-FR\",\"potentialAction\":[{\"@type\":\"CommentAction\",\"name\":\"Comment\",\"target\":[\"https:\\\/\\\/pharmaciereunion.fr\\\/index.php\\\/2026\\\/04\\\/27\\\/pharmacie-garde-lundi\\\/#respond\"]}]},{\"@type\":\"WebPage\",\"@id\":\"https:\\\/\\\/pharmaciereunion.fr\\\/index.php\\\/2026\\\/04\\\/27\\\/pharmacie-garde-lundi\\\/\",\"url\":\"https:\\\/\\\/pharmaciereunion.fr\\\/index.php\\\/2026\\\/04\\\/27\\\/pharmacie-garde-lundi\\\/\",\"name\":\"Garde du Lundi 27 avril 2026\",\"isPartOf\":{\"@id\":\"https:\\\/\\\/pharmaciereunion.fr\\\/#website\"},\"primaryImageOfPage\":{\"@id\":\"https:\\\/\\\/pharmaciereunion.fr\\\/index.php\\\/2026\\\/04\\\/27\\\/pharmacie-garde-lundi\\\/#primaryimage\"},\"image\":{\"@id\":\"https:\\\/\\\/pharmaciereunion.fr\\\/index.php\\\/2026\\\/04\\\/27\\\/pharmacie-garde-lundi\\\/#primaryimage\"},\"thumbnailUrl\":\"https:\\\/\\\/static.xx.fbcdn.net\\\/images\\\/emoji.php\\\/v9\\\/t7b\\\/1\\\/16\\\/1f3e5.png\",\"datePublished\":\"2026-04-27T14:00:00+00:00\",\"description\":\"Trouvez la pharmacie de garde \u00e0 La Reunion (974) au plus pr\u00e8s de chez vous\",\"breadcrumb\":{\"@id\":\"https:\\\/\\\/pharmaciereunion.fr\\\/index.php\\\/2026\\\/04\\\/27\\\/pharmacie-garde-lundi\\\/#breadcrumb\"},\"inLanguage\":\"fr-FR\",\"potentialAction\":[{\"@type\":\"ReadAction\",\"target\":[\"https:\\\/\\\/pharmaciereunion.fr\\\/index.php\\\/2026\\\/04\\\/27\\\/pharmacie-garde-lundi\\\/\"]}]},{\"@type\":\"ImageObject\",\"inLanguage\":\"fr-FR\",\"@id\":\"https:\\\/\\\/pharmaciereunion.fr\\\/index.php\\\/2026\\\/04\\\/27\\\/pharmacie-garde-lundi\\\/#primaryimage\",\"url\":\"https:\\\/\\\/static.xx.fbcdn.net\\\/images\\\/emoji.php\\\/v9\\\/t7b\\\/1\\\/16\\\/1f3e5.png\",\"contentUrl\":\"https:\\\/\\\/static.xx.fbcdn.net\\\/images\\\/emoji.php\\\/v9\\\/t7b\\\/1\\\/16\\\/1f3e5.png\"},{\"@type\":\"BreadcrumbList\",\"@id\":\"https:\\\/\\\/pharmaciereunion.fr\\\/index.php\\\/2026\\\/04\\\/27\\\/pharmacie-garde-lundi\\\/#breadcrumb\",\"itemListElement\":[{\"@type\":\"ListItem\",\"position\":1,\"name\":\"Accueil\",\"item\":\"https:\\\/\\\/pharmaciereunion.fr\\\/\"},{\"@type\":\"ListItem\",\"position\":2,\"name\":\"Garde du Lundi 27 avril 2026\"}]},{\"@type\":\"WebSite\",\"@id\":\"https:\\\/\\\/pharmaciereunion.fr\\\/#website\",\"url\":\"https:\\\/\\\/pharmaciereunion.fr\\\/\",\"name\":\"Pharmacie de L'Est | Saint-Beno\u00eet La R\u00e9union\",\"description\":\"Pharmacie en ligne de La Reunion\",\"publisher\":{\"@id\":\"https:\\\/\\\/pharmaciereunion.fr\\\/#organization\"},\"potentialAction\":[{\"@type\":\"SearchAction\",\"target\":{\"@type\":\"EntryPoint\",\"urlTemplate\":\"https:\\\/\\\/pharmaciereunion.fr\\\/?s={search_term_string}\"},\"query-input\":{\"@type\":\"PropertyValueSpecification\",\"valueRequired\":true,\"valueName\":\"search_term_string\"}}],\"inLanguage\":\"fr-FR\"},{\"@type\":\"Organization\",\"@id\":\"https:\\\/\\\/pharmaciereunion.fr\\\/#organization\",\"name\":\"Pharmacie de L'Est | Saint-Beno\u00eet La R\u00e9union\",\"url\":\"https:\\\/\\\/pharmaciereunion.fr\\\/\",\"logo\":{\"@type\":\"ImageObject\",\"inLanguage\":\"fr-FR\",\"@id\":\"https:\\\/\\\/pharmaciereunion.fr\\\/#\\\/schema\\\/logo\\\/image\\\/\",\"url\":\"https:\\\/\\\/pharmaciereunion.fr\\\/wp-content\\\/uploads\\\/2026\\\/04\\\/cropped-logo-page-recherche-site.png\",\"contentUrl\":\"https:\\\/\\\/pharmaciereunion.fr\\\/wp-content\\\/uploads\\\/2026\\\/04\\\/cropped-logo-page-recherche-site.png\",\"width\":512,\"height\":512,\"caption\":\"Pharmacie de L'Est | Saint-Beno\u00eet La R\u00e9union\"},\"image\":{\"@id\":\"https:\\\/\\\/pharmaciereunion.fr\\\/#\\\/schema\\\/logo\\\/image\\\/\"},\"sameAs\":[\"https:\\\/\\\/www.facebook.com\\\/pharmaciedelest974\",\"https:\\\/\\\/www.instagram.com\\\/pharmacie.delest\\\/\"]},{\"@type\":\"Person\",\"@id\":\"https:\\\/\\\/pharmaciereunion.fr\\\/#\\\/schema\\\/person\\\/4a3b27abe2ebd6dfcb0135413c918f71\",\"name\":\"Pharmacie de L'Est\",\"image\":{\"@type\":\"ImageObject\",\"inLanguage\":\"fr-FR\",\"@id\":\"https:\\\/\\\/secure.gravatar.com\\\/avatar\\\/78378ad6bc72881427d216a2395cdd5f777836ffee478c940c544d0f56149df9?s=96&d=identicon&r=g\",\"url\":\"https:\\\/\\\/secure.gravatar.com\\\/avatar\\\/78378ad6bc72881427d216a2395cdd5f777836ffee478c940c544d0f56149df9?s=96&d=identicon&r=g\",\"contentUrl\":\"https:\\\/\\\/secure.gravatar.com\\\/avatar\\\/78378ad6bc72881427d216a2395cdd5f777836ffee478c940c544d0f56149df9?s=96&d=identicon&r=g\",\"caption\":\"Pharmacie de L'Est\"},\"description\":\"Situ\u00e9e \u00e0 Saint-Beno\u00eet, la Pharmacie de l\u2019Est vous accueille avec \u00e9coute, bienveillance et professionnalisme. L\u2019\u00e9quipe prend le temps de vous conseiller et de vous accompagner avec des solutions adapt\u00e9es \u00e0 vos besoins du quotidien. \u00c0 travers ses blogs et conseils sant\u00e9, la pharmacie partage des informations simples et utiles pour vous aider \u00e0 prendre soin de vous et de votre famille en toute confiance. Un lieu de proximit\u00e9, o\u00f9 votre sant\u00e9 reste la priorit\u00e9.\",\"sameAs\":[\"http:\\\/\\\/pharmaciereunion.fr\"],\"url\":\"https:\\\/\\\/pharmaciereunion.fr\\\/index.php\\\/author\\\/admin8904\\\/\"}]}<\/script>\n<!-- \/ Yoast SEO plugin. -->","yoast_head_json":{"title":"Garde du Lundi 27 avril 2026","description":"Trouvez la pharmacie de garde \u00e0 La Reunion (974) au plus pr\u00e8s de chez vous","robots":{"index":"index","follow":"follow","max-snippet":"max-snippet:-1","max-image-preview":"max-image-preview:large","max-video-preview":"max-video-preview:-1"},"canonical":"https:\/\/pharmaciereunion.fr\/index.php\/2026\/04\/27\/pharmacie-garde-lundi\/","og_locale":"fr_FR","og_type":"article","og_title":"Garde du Lundi 27 avril 2026","og_description":"Trouvez la pharmacie de garde \u00e0 La Reunion (974) au plus pr\u00e8s de chez vous","og_url":"https:\/\/pharmaciereunion.fr\/index.php\/2026\/04\/27\/pharmacie-garde-lundi\/","og_site_name":"Pharmacie de L&#039;Est","article_publisher":"https:\/\/www.facebook.com\/pharmaciedelest974","article_published_time":"2026-04-27T14:00:00+00:00","og_image":[{"url":"https:\/\/static.xx.fbcdn.net\/images\/emoji.php\/v9\/t7b\/1\/16\/1f3e5.png","type":"","width":"","height":""}],"author":"Pharmacie de L'Est","twitter_card":"summary_large_image","twitter_misc":{"\u00c9crit par":"Pharmacie de L'Est","Dur\u00e9e de lecture estim\u00e9e":"2 minutes"},"schema":{"@context":"https:\/\/schema.org","@graph":[{"@type":"Article","@id":"https:\/\/pharmaciereunion.fr\/index.php\/2026\/04\/27\/pharmacie-garde-lundi\/#article","isPartOf":{"@id":"https:\/\/pharmaciereunion.fr\/index.php\/2026\/04\/27\/pharmacie-garde-lundi\/"},"author":{"name":"Pharmacie de L'Est","@id":"https:\/\/pharmaciereunion.fr\/#\/schema\/person\/4a3b27abe2ebd6dfcb0135413c918f71"},"headline":"Garde du Lundi 27 avril 2026","datePublished":"2026-04-27T14:00:00+00:00","mainEntityOfPage":{"@id":"https:\/\/pharmaciereunion.fr\/index.php\/2026\/04\/27\/pharmacie-garde-lundi\/"},"wordCount":53,"commentCount":0,"publisher":{"@id":"https:\/\/pharmaciereunion.fr\/#organization"},"image":{"@id":"https:\/\/pharmaciereunion.fr\/index.php\/2026\/04\/27\/pharmacie-garde-lundi\/#primaryimage"},"thumbnailUrl":"https:\/\/static.xx.fbcdn.net\/images\/emoji.php\/v9\/t7b\/1\/16\/1f3e5.png","articleSection":["GARDE"],"inLanguage":"fr-FR","potentialAction":[{"@type":"CommentAction","name":"Comment","target":["https:\/\/pharmaciereunion.fr\/index.php\/2026\/04\/27\/pharmacie-garde-lundi\/#respond"]}]},{"@type":"WebPage","@id":"https:\/\/pharmaciereunion.fr\/index.php\/2026\/04\/27\/pharmacie-garde-lundi\/","url":"https:\/\/pharmaciereunion.fr\/index.php\/2026\/04\/27\/pharmacie-garde-lundi\/","name":"Garde du Lundi 27 avril 2026","isPartOf":{"@id":"https:\/\/pharmaciereunion.fr\/#website"},"primaryImageOfPage":{"@id":"https:\/\/pharmaciereunion.fr\/index.php\/2026\/04\/27\/pharmacie-garde-lundi\/#primaryimage"},"image":{"@id":"https:\/\/pharmaciereunion.fr\/index.php\/2026\/04\/27\/pharmacie-garde-lundi\/#primaryimage"},"thumbnailUrl":"https:\/\/static.xx.fbcdn.net\/images\/emoji.php\/v9\/t7b\/1\/16\/1f3e5.png","datePublished":"2026-04-27T14:00:00+00:00","description":"Trouvez la pharmacie de garde \u00e0 La Reunion (974) au plus pr\u00e8s de chez vous","breadcrumb":{"@id":"https:\/\/pharmaciereunion.fr\/index.php\/2026\/04\/27\/pharmacie-garde-lundi\/#breadcrumb"},"inLanguage":"fr-FR","potentialAction":[{"@type":"ReadAction","target":["https:\/\/pharmaciereunion.fr\/index.php\/2026\/04\/27\/pharmacie-garde-lundi\/"]}]},{"@type":"ImageObject","inLanguage":"fr-FR","@id":"https:\/\/pharmaciereunion.fr\/index.php\/2026\/04\/27\/pharmacie-garde-lundi\/#primaryimage","url":"https:\/\/static.xx.fbcdn.net\/images\/emoji.php\/v9\/t7b\/1\/16\/1f3e5.png","contentUrl":"https:\/\/static.xx.fbcdn.net\/images\/emoji.php\/v9\/t7b\/1\/16\/1f3e5.png"},{"@type":"BreadcrumbList","@id":"https:\/\/pharmaciereunion.fr\/index.php\/2026\/04\/27\/pharmacie-garde-lundi\/#breadcrumb","itemListElement":[{"@type":"ListItem","position":1,"name":"Accueil","item":"https:\/\/pharmaciereunion.fr\/"},{"@type":"ListItem","position":2,"name":"Garde du Lundi 27 avril 2026"}]},{"@type":"WebSite","@id":"https:\/\/pharmaciereunion.fr\/#website","url":"https:\/\/pharmaciereunion.fr\/","name":"Pharmacie de L'Est | Saint-Beno\u00eet La R\u00e9union","description":"Pharmacie en ligne de La Reunion","publisher":{"@id":"https:\/\/pharmaciereunion.fr\/#organization"},"potentialAction":[{"@type":"SearchAction","target":{"@type":"EntryPoint","urlTemplate":"https:\/\/pharmaciereunion.fr\/?s={search_term_string}"},"query-input":{"@type":"PropertyValueSpecification","valueRequired":true,"valueName":"search_term_string"}}],"inLanguage":"fr-FR"},{"@type":"Organization","@id":"https:\/\/pharmaciereunion.fr\/#organization","name":"Pharmacie de L'Est | Saint-Beno\u00eet La R\u00e9union","url":"https:\/\/pharmaciereunion.fr\/","logo":{"@type":"ImageObject","inLanguage":"fr-FR","@id":"https:\/\/pharmaciereunion.fr\/#\/schema\/logo\/image\/","url":"https:\/\/pharmaciereunion.fr\/wp-content\/uploads\/2026\/04\/cropped-logo-page-recherche-site.png","contentUrl":"https:\/\/pharmaciereunion.fr\/wp-content\/uploads\/2026\/04\/cropped-logo-page-recherche-site.png","width":512,"height":512,"caption":"Pharmacie de L'Est | Saint-Beno\u00eet La R\u00e9union"},"image":{"@id":"https:\/\/pharmaciereunion.fr\/#\/schema\/logo\/image\/"},"sameAs":["https:\/\/www.facebook.com\/pharmaciedelest974","https:\/\/www.instagram.com\/pharmacie.delest\/"]},{"@type":"Person","@id":"https:\/\/pharmaciereunion.fr\/#\/schema\/person\/4a3b27abe2ebd6dfcb0135413c918f71","name":"Pharmacie de L'Est","image":{"@type":"ImageObject","inLanguage":"fr-FR","@id":"https:\/\/secure.gravatar.com\/avatar\/78378ad6bc72881427d216a2395cdd5f777836ffee478c940c544d0f56149df9?s=96&d=identicon&r=g","url":"https:\/\/secure.gravatar.com\/avatar\/78378ad6bc72881427d216a2395cdd5f777836ffee478c940c544d0f56149df9?s=96&d=identicon&r=g","contentUrl":"https:\/\/secure.gravatar.com\/avatar\/78378ad6bc72881427d216a2395cdd5f777836ffee478c940c544d0f56149df9?s=96&d=identicon&r=g","caption":"Pharmacie de L'Est"},"description":"Situ\u00e9e \u00e0 Saint-Beno\u00eet, la Pharmacie de l\u2019Est vous accueille avec \u00e9coute, bienveillance et professionnalisme. L\u2019\u00e9quipe prend le temps de vous conseiller et de vous accompagner avec des solutions adapt\u00e9es \u00e0 vos besoins du quotidien. \u00c0 travers ses blogs et conseils sant\u00e9, la pharmacie partage des informations simples et utiles pour vous aider \u00e0 prendre soin de vous et de votre famille en toute confiance. Un lieu de proximit\u00e9, o\u00f9 votre sant\u00e9 reste la priorit\u00e9.","sameAs":["http:\/\/pharmaciereunion.fr"],"url":"https:\/\/pharmaciereunion.fr\/index.php\/author\/admin8904\/"}]}},"_links":{"self":[{"href":"https:\/\/pharmaciereunion.fr\/index.php\/wp-json\/wp\/v2\/posts\/3300","targetHints":{"allow":["GET"]}}],"collection":[{"href":"https:\/\/pharmaciereunion.fr\/index.php\/wp-json\/wp\/v2\/posts"}],"about":[{"href":"https:\/\/pharmaciereunion.fr\/index.php\/wp-json\/wp\/v2\/types\/post"}],"author":[{"embeddable":true,"href":"https:\/\/pharmaciereunion.fr\/index.php\/wp-json\/wp\/v2\/users\/1"}],"replies":[{"embeddable":true,"href":"https:\/\/pharmaciereunion.fr\/index.php\/wp-json\/wp\/v2\/comments?post=3300"}],"version-history":[{"count":2,"href":"https:\/\/pharmaciereunion.fr\/index.php\/wp-json\/wp\/v2\/posts\/3300\/revisions"}],"predecessor-version":[{"id":3311,"href":"https:\/\/pharmaciereunion.fr\/index.php\/wp-json\/wp\/v2\/posts\/3300\/revisions\/3311"}],"wp:attachment":[{"href":"https:\/\/pharmaciereunion.fr\/index.php\/wp-json\/wp\/v2\/media?parent=3300"}],"wp:term":[{"taxonomy":"category","embeddable":true,"href":"https:\/\/pharmaciereunion.fr\/index.php\/wp-json\/wp\/v2\/categories?post=3300"},{"taxonomy":"post_tag","embeddable":true,"href":"https:\/\/pharmaciereunion.fr\/index.php\/wp-json\/wp\/v2\/tags?post=3300"}],"curies":[{"name":"wp","href":"https:\/\/api.w.org\/{rel}","templated":true}]}}